{"id":132,"date":"2017-12-13T14:28:53","date_gmt":"2017-12-13T13:28:53","guid":{"rendered":"http:\/\/ln-univers.fr\/Photographies\/?p=132"},"modified":"2017-12-19T11:02:53","modified_gmt":"2017-12-19T10:02:53","slug":"la-photographe","status":"publish","type":"post","link":"https:\/\/ln-univers.fr\/Photographies\/la-photographe\/","title":{"rendered":"La photographe"},"content":{"rendered":"<p><strong>Bonjour<br \/>\n<\/strong><\/p>\n<p>Photographe amateur, je viens ici pr\u00e9senter mon travail.<\/p>\n<p>Pour moi la photo est avant tout un loisir. Je fais des photos pour avoir un souvenir de l\u2019instant pr\u00e9sent, pour partager, pour acqu\u00e9rir un regard nouveau sur le monde qui nous entoure.<\/p>\n<p>Ce que je pr\u00e9f\u00e8re ce sont les photos de concerts et de rue, mais j&rsquo;aime \u00e9galement m&rsquo;essayer sur tout un tas de sujets diff\u00e9rents.<\/p>\n<p>Excellente navigation !<\/p>\n<p>&nbsp;<\/p>\n<p>Pour me contacter :<\/p>\n<div data-test='contact-form' id='contact-form-132' class='wp-block-jetpack-contact-form-container '>\n<form action='https:\/\/ln-univers.fr\/Photographies\/la-photographe\/#contact-form-132' method='post' class='contact-form commentsblock'>\n<script>\n\t\t\t( function () {\n\t\t\t\tconst contact_forms = document.getElementsByClassName('contact-form');\n\n\t\t\t\tfor ( const form of contact_forms ) {\n\t\t\t\t\tform.onsubmit = function() {\n\t\t\t\t\t\tconst buttons = form.getElementsByTagName('button');\n\n\t\t\t\t\t\tfor( const button of buttons ) {\n\t\t\t\t\t\t\tbutton.setAttribute('disabled', true);\n\t\t\t\t\t\t}\n\t\t\t\t\t}\n\t\t\t\t}\n\t\t\t} )();\n\t\t<\/script>\n<div style=\"\" class='grunion-field-wrap grunion-field-name-wrap'  >\n<label\n\t\t\t\tfor='g132-nom'\n\t\t\t\tclass='grunion-field-label name'\n\t\t\t\t>Nom<span>(obligatoire)<\/span><\/label>\n<input\n\t\t\t\t\ttype='text'\n\t\t\t\t\tname='g132-nom'\n\t\t\t\t\tid='g132-nom'\n\t\t\t\t\tvalue=''\n\t\t\t\t\tclass='name' \n\t\t\t\t\trequired aria-required='true' \/>\n\t<\/div>\n\n<div style=\"\" class='grunion-field-wrap grunion-field-email-wrap'  >\n<label\n\t\t\t\tfor='g132-email'\n\t\t\t\tclass='grunion-field-label email'\n\t\t\t\t>E-mail<span>(obligatoire)<\/span><\/label>\n<input\n\t\t\t\t\ttype='email'\n\t\t\t\t\tname='g132-email'\n\t\t\t\t\tid='g132-email'\n\t\t\t\t\tvalue=''\n\t\t\t\t\tclass='email' \n\t\t\t\t\trequired aria-required='true' \/>\n\t<\/div>\n\n<div style=\"\" class='grunion-field-wrap grunion-field-textarea-wrap'  >\n<label\n\t\t\t\tfor='contact-form-comment-g132-message'\n\t\t\t\tclass='grunion-field-label textarea'\n\t\t\t\t>Message<span>(obligatoire)<\/span><\/label>\n<textarea\n\t\t                style=''\n\t\t                name='g132-message'\n\t\t                id='contact-form-comment-g132-message'\n\t\t                rows='20' class='textarea'  required aria-required='true'><\/textarea>\n\t<\/div>\n\t<p class='contact-submit'>\n\t\t<button type='submit' class='pushbutton-wide'>Envoyer<\/button>\t\t<input type='hidden' name='contact-form-id' value='132' \/>\n\t\t<input type='hidden' name='action' value='grunion-contact-form' \/>\n\t\t<input type='hidden' name='contact-form-hash' value='29fcae56b4efea00d0c07a1f69b297a48e9ee691' \/>\n\t<\/p>\n<p style=\"display: none !important;\"><label>&#916;<textarea name=\"ak_hp_textarea\" cols=\"45\" rows=\"8\" maxlength=\"100\"><\/textarea><\/label><input type=\"hidden\" id=\"ak_js_1\" name=\"ak_js\" value=\"235\"\/><script>document.getElementById( \"ak_js_1\" ).setAttribute( \"value\", ( new Date() ).getTime() );<\/script><\/p><\/form>\n<\/div>\n","protected":false},"excerpt":{"rendered":"<p>Bonjour Photographe amateur, je viens ici pr\u00e9senter mon travail. Pour moi la photo est avant tout un loisir. Je fais des photos pour avoir un souvenir de l\u2019instant pr\u00e9sent, pour partager, pour acqu\u00e9rir un regard nouveau sur le monde qui nous entoure. Ce que je pr\u00e9f\u00e8re ce sont les photos de concerts et de rue, [&hellip;]<\/p>\n","protected":false},"author":1,"featured_media":0,"comment_status":"closed","ping_status":"closed","sticky":true,"template":"","format":"standard","meta":{"ngg_post_thumbnail":0},"categories":[1],"tags":[],"yoast_head":"<!-- This site is optimized with the Yoast SEO plugin v20.1 - https:\/\/yoast.com\/wordpress\/plugins\/seo\/ -->\n<title>La photographe - Laetitia NIEZ<\/title>\n<meta name=\"robots\" content=\"index, follow, max-snippet:-1, max-image-preview:large, max-video-preview:-1\" \/>\n<link rel=\"canonical\" href=\"https:\/\/ln-univers.fr\/Photographies\/la-photographe\/\" \/>\n<meta property=\"og:locale\" content=\"fr_FR\" \/>\n<meta property=\"og:type\" content=\"article\" \/>\n<meta property=\"og:title\" content=\"La photographe - Laetitia NIEZ\" \/>\n<meta property=\"og:description\" content=\"Bonjour Photographe amateur, je viens ici pr\u00e9senter mon travail. Pour moi la photo est avant tout un loisir. Je fais des photos pour avoir un souvenir de l\u2019instant pr\u00e9sent, pour partager, pour acqu\u00e9rir un regard nouveau sur le monde qui nous entoure. Ce que je pr\u00e9f\u00e8re ce sont les photos de concerts et de rue, [&hellip;]\" \/>\n<meta property=\"og:url\" content=\"https:\/\/ln-univers.fr\/Photographies\/la-photographe\/\" \/>\n<meta property=\"og:site_name\" content=\"Laetitia NIEZ\" \/>\n<meta property=\"article:published_time\" content=\"2017-12-13T13:28:53+00:00\" \/>\n<meta property=\"article:modified_time\" content=\"2017-12-19T10:02:53+00:00\" \/>\n<meta name=\"author\" content=\"LN\" \/>\n<meta name=\"twitter:card\" content=\"summary_large_image\" \/>\n<meta name=\"twitter:label1\" content=\"\u00c9crit par\" \/>\n\t<meta name=\"twitter:data1\" content=\"LN\" \/>\n\t<meta name=\"twitter:label2\" content=\"Dur\u00e9e de lecture estim\u00e9e\" \/>\n\t<meta name=\"twitter:data2\" content=\"1 minute\" \/>\n<script type=\"application\/ld+json\" class=\"yoast-schema-graph\">{\"@context\":\"https:\/\/schema.org\",\"@graph\":[{\"@type\":\"WebPage\",\"@id\":\"https:\/\/ln-univers.fr\/Photographies\/la-photographe\/\",\"url\":\"https:\/\/ln-univers.fr\/Photographies\/la-photographe\/\",\"name\":\"La photographe - Laetitia NIEZ\",\"isPartOf\":{\"@id\":\"https:\/\/ln-univers.fr\/Photographies\/#website\"},\"datePublished\":\"2017-12-13T13:28:53+00:00\",\"dateModified\":\"2017-12-19T10:02:53+00:00\",\"author\":{\"@id\":\"https:\/\/ln-univers.fr\/Photographies\/#\/schema\/person\/4d213da0281fca288dc96ec223d91756\"},\"breadcrumb\":{\"@id\":\"https:\/\/ln-univers.fr\/Photographies\/la-photographe\/#breadcrumb\"},\"inLanguage\":\"fr-FR\",\"potentialAction\":[{\"@type\":\"ReadAction\",\"target\":[\"https:\/\/ln-univers.fr\/Photographies\/la-photographe\/\"]}]},{\"@type\":\"BreadcrumbList\",\"@id\":\"https:\/\/ln-univers.fr\/Photographies\/la-photographe\/#breadcrumb\",\"itemListElement\":[{\"@type\":\"ListItem\",\"position\":1,\"name\":\"Accueil\",\"item\":\"https:\/\/ln-univers.fr\/Photographies\/\"},{\"@type\":\"ListItem\",\"position\":2,\"name\":\"La photographe\"}]},{\"@type\":\"WebSite\",\"@id\":\"https:\/\/ln-univers.fr\/Photographies\/#website\",\"url\":\"https:\/\/ln-univers.fr\/Photographies\/\",\"name\":\"Laetitia NIEZ\",\"description\":\"Mon univers photographique\",\"potentialAction\":[{\"@type\":\"SearchAction\",\"target\":{\"@type\":\"EntryPoint\",\"urlTemplate\":\"https:\/\/ln-univers.fr\/Photographies\/?s={search_term_string}\"},\"query-input\":\"required name=search_term_string\"}],\"inLanguage\":\"fr-FR\"},{\"@type\":\"Person\",\"@id\":\"https:\/\/ln-univers.fr\/Photographies\/#\/schema\/person\/4d213da0281fca288dc96ec223d91756\",\"name\":\"LN\",\"image\":{\"@type\":\"ImageObject\",\"inLanguage\":\"fr-FR\",\"@id\":\"https:\/\/ln-univers.fr\/Photographies\/#\/schema\/person\/image\/\",\"url\":\"https:\/\/secure.gravatar.com\/avatar\/787d9fa4b23adb41c3915d81430cf854?s=96&d=mm&r=g\",\"contentUrl\":\"https:\/\/secure.gravatar.com\/avatar\/787d9fa4b23adb41c3915d81430cf854?s=96&d=mm&r=g\",\"caption\":\"LN\"}}]}<\/script>\n<!-- \/ Yoast SEO plugin. -->","yoast_head_json":{"title":"La photographe - Laetitia NIEZ","robots":{"index":"index","follow":"follow","max-snippet":"max-snippet:-1","max-image-preview":"max-image-preview:large","max-video-preview":"max-video-preview:-1"},"canonical":"https:\/\/ln-univers.fr\/Photographies\/la-photographe\/","og_locale":"fr_FR","og_type":"article","og_title":"La photographe - Laetitia NIEZ","og_description":"Bonjour Photographe amateur, je viens ici pr\u00e9senter mon travail. Pour moi la photo est avant tout un loisir. Je fais des photos pour avoir un souvenir de l\u2019instant pr\u00e9sent, pour partager, pour acqu\u00e9rir un regard nouveau sur le monde qui nous entoure. Ce que je pr\u00e9f\u00e8re ce sont les photos de concerts et de rue, [&hellip;]","og_url":"https:\/\/ln-univers.fr\/Photographies\/la-photographe\/","og_site_name":"Laetitia NIEZ","article_published_time":"2017-12-13T13:28:53+00:00","article_modified_time":"2017-12-19T10:02:53+00:00","author":"LN","twitter_card":"summary_large_image","twitter_misc":{"\u00c9crit par":"LN","Dur\u00e9e de lecture estim\u00e9e":"1 minute"},"schema":{"@context":"https:\/\/schema.org","@graph":[{"@type":"WebPage","@id":"https:\/\/ln-univers.fr\/Photographies\/la-photographe\/","url":"https:\/\/ln-univers.fr\/Photographies\/la-photographe\/","name":"La photographe - Laetitia NIEZ","isPartOf":{"@id":"https:\/\/ln-univers.fr\/Photographies\/#website"},"datePublished":"2017-12-13T13:28:53+00:00","dateModified":"2017-12-19T10:02:53+00:00","author":{"@id":"https:\/\/ln-univers.fr\/Photographies\/#\/schema\/person\/4d213da0281fca288dc96ec223d91756"},"breadcrumb":{"@id":"https:\/\/ln-univers.fr\/Photographies\/la-photographe\/#breadcrumb"},"inLanguage":"fr-FR","potentialAction":[{"@type":"ReadAction","target":["https:\/\/ln-univers.fr\/Photographies\/la-photographe\/"]}]},{"@type":"BreadcrumbList","@id":"https:\/\/ln-univers.fr\/Photographies\/la-photographe\/#breadcrumb","itemListElement":[{"@type":"ListItem","position":1,"name":"Accueil","item":"https:\/\/ln-univers.fr\/Photographies\/"},{"@type":"ListItem","position":2,"name":"La photographe"}]},{"@type":"WebSite","@id":"https:\/\/ln-univers.fr\/Photographies\/#website","url":"https:\/\/ln-univers.fr\/Photographies\/","name":"Laetitia NIEZ","description":"Mon univers photographique","potentialAction":[{"@type":"SearchAction","target":{"@type":"EntryPoint","urlTemplate":"https:\/\/ln-univers.fr\/Photographies\/?s={search_term_string}"},"query-input":"required name=search_term_string"}],"inLanguage":"fr-FR"},{"@type":"Person","@id":"https:\/\/ln-univers.fr\/Photographies\/#\/schema\/person\/4d213da0281fca288dc96ec223d91756","name":"LN","image":{"@type":"ImageObject","inLanguage":"fr-FR","@id":"https:\/\/ln-univers.fr\/Photographies\/#\/schema\/person\/image\/","url":"https:\/\/secure.gravatar.com\/avatar\/787d9fa4b23adb41c3915d81430cf854?s=96&d=mm&r=g","contentUrl":"https:\/\/secure.gravatar.com\/avatar\/787d9fa4b23adb41c3915d81430cf854?s=96&d=mm&r=g","caption":"LN"}}]}},"jetpack_featured_media_url":"","jetpack_shortlink":"https:\/\/wp.me\/p9tamt-28","jetpack_likes_enabled":true,"jetpack-related-posts":[{"id":71,"url":"https:\/\/ln-univers.fr\/Photographies\/hellfest\/","url_meta":{"origin":132,"position":0},"title":"Hellfest 2016","date":"18 juin 2016","format":"video","excerpt":"Le peuple du m\u00e9tal investit, chaque ann\u00e9e, trois jours durant, la ville de Clisson en Loire Atlantique. Une profusion de mati\u00e8re pour un photographe ! \u00a0 \u00a0 \u00a0","rel":"","context":"Dans &quot;Sc\u00e8ne - Spectacle&quot;","img":{"alt_text":"","src":"https:\/\/i0.wp.com\/ln-univers.fr\/Photographies\/wp-content\/uploads\/2017\/12\/HellfestJ1-1.jpg?fit=424%2C640&ssl=1&resize=350%2C200","width":350,"height":200},"classes":[]},{"id":640,"url":"https:\/\/ln-univers.fr\/Photographies\/amsterdam\/","url_meta":{"origin":132,"position":1},"title":"Amsterdam","date":"13 juin 2019","format":false,"excerpt":"Un grand week-end, 2h de vol et les pieds sur le sol d'une capitale europ\u00e9enne... Bonjour Amsterdam ! Quelle ville \u00e9tonnante, je ne m'attendais pas du tout \u00e0 y trouver une telle douceur de vivre et une telle qui\u00e9tude \u00e0 fl\u00e2ner le long de ses nombreux canaux apr\u00e8s avoir pass\u00e9\u2026","rel":"","context":"Dans &quot;Tourisme&quot;","img":{"alt_text":"","src":"https:\/\/i0.wp.com\/ln-univers.fr\/Photographies\/wp-content\/uploads\/2019\/06\/IMG_20190601_093618.jpg?fit=900%2C1200&ssl=1&resize=350%2C200","width":350,"height":200},"classes":[]},{"id":565,"url":"https:\/\/ln-univers.fr\/Photographies\/decouverte-dun-departement-oublie\/","url_meta":{"origin":132,"position":2},"title":"D\u00e9couverte d&rsquo;un d\u00e9partement oubli\u00e9&#8230;","date":"6 mars 2019","format":"gallery","excerpt":"Je vous enmene faire un petit tour dans un d\u00e9partement fran\u00e7ais dont, \u00e0 tort, on ne parle pas assez. Mon m\u00e9tier m'a offert l'opportunit\u00e9 d'un d\u00e9placement d'une semaine en Am\u00e9rique du Sud, sur une de nos terres fran\u00e7aise, la Guyane. Quelle belle d\u00e9couverte ! En voici un aper\u00e7u, je pourrais\u2026","rel":"","context":"Dans &quot;Tourisme&quot;","img":{"alt_text":"","src":"https:\/\/i0.wp.com\/ln-univers.fr\/Photographies\/wp-content\/uploads\/2019\/03\/IMG_20181207_184543_580.jpg?fit=1200%2C1200&ssl=1&resize=350%2C200","width":350,"height":200},"classes":[]},{"id":435,"url":"https:\/\/ln-univers.fr\/Photographies\/photographie-de-rue\/","url_meta":{"origin":132,"position":3},"title":"Photographie de rue","date":"22 avril 2018","format":false,"excerpt":"Une belle journ\u00e9e printani\u00e8re, les rues de Nantes s'offrent \u00e0 moi pour profiter d'un stage photo de rue sous les bons conseils de Guillaume Noury. En mode cueilleur, on se cache, on vole les \u00e2mes puis en mode chasseur on s'affirme : inconnu je te photographie ! Un exercice difficile\u2026","rel":"","context":"Dans &quot;Sc\u00e8ne - Spectacle&quot;","img":{"alt_text":"","src":"https:\/\/i0.wp.com\/ln-univers.fr\/Photographies\/wp-content\/uploads\/2018\/04\/fb_img_15244030223772136014811.jpg?resize=350%2C200","width":350,"height":200},"classes":[]},{"id":509,"url":"https:\/\/ln-univers.fr\/Photographies\/street-art-a-londres\/","url_meta":{"origin":132,"position":4},"title":"Street Art \u00e0 Londres","date":"13 mai 2018","format":false,"excerpt":"Quelques beaux jours en ce d\u00e9but du mois de mai, et me voici en route pour un court s\u00e9jour \u00e0 Londres. Il n'\u00e9tait pas envisageable de ne pas passer par le quartier de Shoreditch dans l'East End. Et quel plaisir d'y errer sans itin\u00e9raire pr\u00e9cis pour y d\u00e9couvrir \u00e0 chaque\u2026","rel":"","context":"Dans &quot;Sc\u00e8ne - Spectacle&quot;","img":{"alt_text":"","src":"https:\/\/i0.wp.com\/ln-univers.fr\/Photographies\/wp-content\/uploads\/2018\/06\/IMG_20180509_191742.jpg?fit=900%2C1200&ssl=1&resize=350%2C200","width":350,"height":200},"classes":[]},{"id":97,"url":"https:\/\/ln-univers.fr\/Photographies\/psychiatrik\/","url_meta":{"origin":132,"position":5},"title":"Psychiatrik","date":"3 avril 2017","format":false,"excerpt":"Le lieu est comme une petite ville. L'h\u00f4pital psychiatrique de Maison Blanche de Neuilly-sur-Marne, construit au tout d\u00e9but du si\u00e8cle dernier, ayant accueilli jusqu'\u00e0 plus de 3 200 malades exil\u00e9s de Paris, vit ses derniers instants avant sa destruction pour y reconstruire des logements. Fin des ann\u00e9es 90 se pose\u2026","rel":"","context":"Dans &quot;Street&quot;","img":{"alt_text":"","src":"https:\/\/i0.wp.com\/ln-univers.fr\/Photographies\/wp-content\/uploads\/2017\/12\/Psychatrique-Essai-14.jpg?fit=424%2C640&ssl=1&resize=350%2C200","width":350,"height":200},"classes":[]}],"jetpack_sharing_enabled":true,"_links":{"self":[{"href":"https:\/\/ln-univers.fr\/Photographies\/wp-json\/wp\/v2\/posts\/132"}],"collection":[{"href":"https:\/\/ln-univers.fr\/Photographies\/wp-json\/wp\/v2\/posts"}],"about":[{"href":"https:\/\/ln-univers.fr\/Photographies\/wp-json\/wp\/v2\/types\/post"}],"author":[{"embeddable":true,"href":"https:\/\/ln-univers.fr\/Photographies\/wp-json\/wp\/v2\/users\/1"}],"replies":[{"embeddable":true,"href":"https:\/\/ln-univers.fr\/Photographies\/wp-json\/wp\/v2\/comments?post=132"}],"version-history":[{"count":3,"href":"https:\/\/ln-univers.fr\/Photographies\/wp-json\/wp\/v2\/posts\/132\/revisions"}],"predecessor-version":[{"id":384,"href":"https:\/\/ln-univers.fr\/Photographies\/wp-json\/wp\/v2\/posts\/132\/revisions\/384"}],"wp:attachment":[{"href":"https:\/\/ln-univers.fr\/Photographies\/wp-json\/wp\/v2\/media?parent=132"}],"wp:term":[{"taxonomy":"category","embeddable":true,"href":"https:\/\/ln-univers.fr\/Photographies\/wp-json\/wp\/v2\/categories?post=132"},{"taxonomy":"post_tag","embeddable":true,"href":"https:\/\/ln-univers.fr\/Photographies\/wp-json\/wp\/v2\/tags?post=132"}],"curies":[{"name":"wp","href":"https:\/\/api.w.org\/{rel}","templated":true}]}}